{"id":65341,"date":"2026-04-29T11:17:24","date_gmt":"2026-04-29T11:17:24","guid":{"rendered":"https:\/\/www.imedias.net\/?p=65341"},"modified":"2026-04-29T11:18:43","modified_gmt":"2026-04-29T11:18:43","slug":"guinee-sur-les-ruines-du-cinema-liberte-conakry-reve-en-grand","status":"publish","type":"post","link":"https:\/\/www.imedias.net\/?p=65341","title":{"rendered":"Guin\u00e9e : sur les ruines du Cin\u00e9ma Libert\u00e9, Conakry r\u00eave en grand"},"content":{"rendered":"\t\t<div data-elementor-type=\"wp-post\" data-elementor-id=\"65341\" class=\"elementor elementor-65341\" data-elementor-post-type=\"post\">\n\t\t\t\t<div class=\"elementor-element elementor-element-f98c351 e-flex e-con-boxed e-con e-parent\" data-id=\"f98c351\" data-element_type=\"container\" data-e-type=\"container\">\n\t\t\t\t\t<div class=\"e-con-inner\">\n\t\t\t\t<div class=\"elementor-element elementor-element-1f283e3d elementor-widget elementor-widget-text-editor\" data-id=\"1f283e3d\" data-element_type=\"widget\" data-e-type=\"widget\" data-widget_type=\"text-editor.default\">\n\t\t\t\t\t\t\t\t\t\n<p>Il y a quelque chose d&rsquo;obstin\u00e9ment symbolique dans le choix de ce terrain. C&rsquo;est l\u00e0, sur l&#8217;emplacement de l&rsquo;ancien Cin\u00e9ma Libert\u00e9 nom charg\u00e9 d&rsquo;histoire dans un pays qui en a fait un \u00e9tendard, que la Guin\u00e9e a choisi de planter le premier jalon de son renouveau culturel. Ce mardi matin, devant le Premier ministre Amadou Oury Bah, le corps diplomatique et une assembl\u00e9e d&rsquo;acteurs culturels venus en nombre, la premi\u00e8re pierre du <strong>Cin\u00e9ma Center de Guin\u00e9e<\/strong> a \u00e9t\u00e9 pos\u00e9e. Avec elle, c&rsquo;est toute une vision qui entre en chantier.<\/p>\n\n<h3 class=\"wp-block-heading\">Le retour du refoul\u00e9<\/h3>\n\n<p>La Guin\u00e9e n&rsquo;a pas toujours \u00e9t\u00e9 absente des \u00e9crans. Elle a m\u00eame, un temps, figur\u00e9 parmi les pionniers. <em>Mouramani<\/em>, tourn\u00e9 en 1953, compte parmi les premi\u00e8res \u0153uvres cin\u00e9matographiques du continent africain. L&rsquo;\u00e2ge d&rsquo;or de Syli-Cin\u00e9ma-Photo a laiss\u00e9 des traces dans les m\u00e9moires. Puis le silence. Des d\u00e9cennies de sous-investissement, d&rsquo;infrastructures qui s&rsquo;effritent, de salles qui ferment les unes apr\u00e8s les autres jusqu&rsquo;\u00e0 ce site du 8 novembre, o\u00f9 l&rsquo;ancien Cin\u00e9ma Libert\u00e9 a fini par n&rsquo;\u00eatre plus qu&rsquo;un souvenir.<\/p>\n\n<p>C&rsquo;est pr\u00e9cis\u00e9ment l\u00e0 que le ministre de la Culture, <strong>Moussa Mo\u00efse Sylla<\/strong>, a ancr\u00e9 son discours : non pas dans une promesse abstraite de modernit\u00e9, mais dans la continuit\u00e9 d&rsquo;une histoire interrompue. <em>\u00ab<\/em> <em>Prot\u00e9ger aujourd&rsquo;hui ce qui racontera notre histoire demain \u00bb<\/em>, a-t-il d\u00e9clar\u00e9, visiblement \u00e9mu, devant une assistance qui a senti que quelque chose d&rsquo;inhabituel se jouait.<\/p>\n\n<figure class=\"wp-block-image size-large\"><img loading=\"lazy\" loading=\"lazy\" decoding=\"async\" width=\"1024\" height=\"582\" class=\"wp-image-65343\" src=\"https:\/\/www.imedias.net\/wp-content\/uploads\/2026\/04\/682708305_1276920594625864_2997597255127596652_n-1024x582.jpg\" alt=\"\" srcset=\"https:\/\/www.imedias.net\/wp-content\/uploads\/2026\/04\/682708305_1276920594625864_2997597255127596652_n-1024x582.jpg 1024w, https:\/\/www.imedias.net\/wp-content\/uploads\/2026\/04\/682708305_1276920594625864_2997597255127596652_n-300x171.jpg 300w, https:\/\/www.imedias.net\/wp-content\/uploads\/2026\/04\/682708305_1276920594625864_2997597255127596652_n-768x437.jpg 768w, https:\/\/www.imedias.net\/wp-content\/uploads\/2026\/04\/682708305_1276920594625864_2997597255127596652_n-1536x873.jpg 1536w, https:\/\/www.imedias.net\/wp-content\/uploads\/2026\/04\/682708305_1276920594625864_2997597255127596652_n-860x489.jpg 860w, https:\/\/www.imedias.net\/wp-content\/uploads\/2026\/04\/682708305_1276920594625864_2997597255127596652_n-150x85.jpg 150w, https:\/\/www.imedias.net\/wp-content\/uploads\/2026\/04\/682708305_1276920594625864_2997597255127596652_n.jpg 2048w\" sizes=\"auto, (max-width: 1024px) 100vw, 1024px\" \/><\/figure>\n\n<h3 class=\"wp-block-heading\">L&rsquo;argent vient de Chine, le projet appartient \u00e0 la Guin\u00e9e<\/h3>\n\n<p>Le financement, lui, parle une autre langue le mandarin. C&rsquo;est <strong>Hong Sheng International Guin\u00e9e SARLU<\/strong>, groupe d&rsquo;investissement chinois, qui porte le projet. Son repr\u00e9sentant, M. Cao Pei, a choisi ses mots avec soin : son groupe ne construit pas des murs, dit-il, mais un pont culturel entre deux nations. La formule est belle. Elle est aussi r\u00e9v\u00e9latrice d&rsquo;une r\u00e9alit\u00e9 que Conakry assume d\u00e9sormais sans d\u00e9tour : dans ce cycle de la coop\u00e9ration sino-guin\u00e9enne, l&rsquo;\u00e8re des mines et des routes c\u00e8de la place aux industries de la culture et aux infrastructures urbaines de prestige.<\/p>\n\n<p>Deux ans. C&rsquo;est le d\u00e9lai que l&rsquo;investisseur s&rsquo;est publiquement engag\u00e9 \u00e0 tenir. Un engagement solennel, prononc\u00e9 devant les cam\u00e9ras et le corps diplomatique mani\u00e8re de graver dans le marbre ce qui aurait pu rester une promesse de chantier.<\/p>\n\n<p>Ce que la Guin\u00e9e construit \u00e0 Kaloum ressemble, dans son ambition, \u00e0 ce que d&rsquo;autres capitales africaines ont tent\u00e9 avec des fortunes diverses : un \u00e9quipement culturel total, con\u00e7u comme un catalyseur urbain. Au programme : des salles aux standards internationaux, des laboratoires de production et de postproduction destin\u00e9s \u00e0 former la jeunesse cr\u00e9ative du pays, un Mus\u00e9e du Cin\u00e9ma, un Mus\u00e9e Simandou 2040 clin d&rsquo;\u0153il au grand projet minier qui structure la feuille de route nationale et des espaces commerciaux int\u00e9gr\u00e9s.<\/p>\n\n<p>Le tout est inscrit dans <strong>Simandou 2040<\/strong>, le programme de d\u00e9veloppement du pr\u00e9sident <strong>Mamadi Doumbouya<\/strong>. Comme si la Guin\u00e9e voulait dire au monde qu&rsquo;elle ne se contentera pas d&rsquo;exporter du minerai de fer : elle entend aussi exporter une image.<\/p>\n\n<h3 class=\"wp-block-heading\">L&rsquo;avion d\u00e9colle, dit le chef du gouvernement<\/h3>\n\n<p>Le moment le plus attendu fut celui du Premier ministre. <strong>Amadou Oury Bah<\/strong> n&rsquo;a pas jou\u00e9 la froideur technocratique. Il a convoqu\u00e9 ses souvenirs enfant, il venait au Cin\u00e9ma Libert\u00e9 avant de lancer sa vision avec une m\u00e9taphore qui a circul\u00e9 : <em>\u00ab<\/em> <em>Attachez vos ceintures, l&rsquo;avion va d\u00e9coller. \u00bb<\/em> Derri\u00e8re la formule, un message au secteur priv\u00e9 guin\u00e9en : il est temps de monter \u00e0 bord, ou de regarder les autres s&rsquo;envoler.<\/p>\n\n<p>Il a aussi adress\u00e9 une requ\u00eate, publique et symbolique, au ministre de la Culture : baptiser ce futur complexe du nom d&rsquo;une grande figure du cin\u00e9ma guin\u00e9en. Un geste de m\u00e9moire, dans un pays qui apprend \u00e0 honorer les siens.<\/p>\n\n<figure class=\"wp-block-image size-large\"><img loading=\"lazy\" loading=\"lazy\" decoding=\"async\" width=\"1024\" height=\"660\" class=\"wp-image-65344\" src=\"https:\/\/www.imedias.net\/wp-content\/uploads\/2026\/04\/681185808_1276922707958986_1177592738120911000_n-1024x660.jpg\" alt=\"\" srcset=\"https:\/\/www.imedias.net\/wp-content\/uploads\/2026\/04\/681185808_1276922707958986_1177592738120911000_n-1024x660.jpg 1024w, https:\/\/www.imedias.net\/wp-content\/uploads\/2026\/04\/681185808_1276922707958986_1177592738120911000_n-300x193.jpg 300w, https:\/\/www.imedias.net\/wp-content\/uploads\/2026\/04\/681185808_1276922707958986_1177592738120911000_n-768x495.jpg 768w, https:\/\/www.imedias.net\/wp-content\/uploads\/2026\/04\/681185808_1276922707958986_1177592738120911000_n-1536x990.jpg 1536w, https:\/\/www.imedias.net\/wp-content\/uploads\/2026\/04\/681185808_1276922707958986_1177592738120911000_n-860x554.jpg 860w, https:\/\/www.imedias.net\/wp-content\/uploads\/2026\/04\/681185808_1276922707958986_1177592738120911000_n-150x97.jpg 150w, https:\/\/www.imedias.net\/wp-content\/uploads\/2026\/04\/681185808_1276922707958986_1177592738120911000_n.jpg 2048w\" sizes=\"auto, (max-width: 1024px) 100vw, 1024px\" \/><\/figure>\n\n<h3 class=\"wp-block-heading\">Conakry \u00e0 l&rsquo;heure du grand r\u00e9cit<\/h3>\n\n<p>Ce qui se joue sur ce chantier d\u00e9passe la seule question culturelle. La Guin\u00e9e est en train de construire un r\u00e9cit national et elle choisit, d\u00e9lib\u00e9r\u00e9ment, d&rsquo;en faire un r\u00e9cit \u00e0 double entr\u00e9e : la puissance mini\u00e8re de Simandou d&rsquo;un c\u00f4t\u00e9, le rayonnement culturel de l&rsquo;autre. Deux paris sur l&rsquo;avenir, deux mani\u00e8res de dire au continent et au monde que ce pays change de dimension.<\/p>\n\n<p>Dans vingt-quatre mois, si le calendrier est tenu, le rideau se l\u00e8vera sur un \u00e9quipement in\u00e9dit en Afrique de l&rsquo;Ouest. D&rsquo;ici l\u00e0, la zone du 8 novembre sera un chantier. Et toute la Guin\u00e9e, un sc\u00e9nario en cours d&rsquo;\u00e9criture.<\/p>\n\n<p><strong>Imedias.net<\/strong><\/p>\n\t\t\t\t\t\t\t\t<\/div>\n\t\t\t\t\t<\/div>\n\t\t\t\t<\/div>\n\t\t\t\t<\/div>\n\t\t","protected":false},"excerpt":{"rendered":"<p>Il y a quelque chose d&rsquo;obstin\u00e9ment symbolique dans le choix de ce terrain. C&rsquo;est l\u00e0, sur l&#8217;emplacement de l&rsquo;ancien Cin\u00e9ma Libert\u00e9 nom charg\u00e9 d&rsquo;histoire dans un pays qui en a fait un \u00e9tendard, que la Guin\u00e9e a choisi de planter le premier jalon de son renouveau culturel. Ce mardi matin, devant le Premier ministre Amadou [&hellip;]<\/p>\n","protected":false},"author":1,"featured_media":65342,"comment_status":"open","ping_status":"open","sticky":false,"template":"","format":"standard","meta":{"footnotes":""},"categories":[77,78,85],"tags":[201,15794,125,365],"tmauthors":[15706],"class_list":{"0":"post-65341","1":"post","2":"type-post","3":"status-publish","4":"format-standard","5":"has-post-thumbnail","7":"category-actualite","8":"category-afrique","9":"category-culture","10":"tag-amadou-oury-bah","11":"tag-cineman-center","12":"tag-guinee","13":"tag-moussa-moise-sylla"},"_links":{"self":[{"href":"https:\/\/www.imedias.net\/index.php?rest_route=\/wp\/v2\/posts\/65341","targetHints":{"allow":["GET"]}}],"collection":[{"href":"https:\/\/www.imedias.net\/index.php?rest_route=\/wp\/v2\/posts"}],"about":[{"href":"https:\/\/www.imedias.net\/index.php?rest_route=\/wp\/v2\/types\/post"}],"author":[{"embeddable":true,"href":"https:\/\/www.imedias.net\/index.php?rest_route=\/wp\/v2\/users\/1"}],"replies":[{"embeddable":true,"href":"https:\/\/www.imedias.net\/index.php?rest_route=%2Fwp%2Fv2%2Fcomments&post=65341"}],"version-history":[{"count":4,"href":"https:\/\/www.imedias.net\/index.php?rest_route=\/wp\/v2\/posts\/65341\/revisions"}],"predecessor-version":[{"id":65348,"href":"https:\/\/www.imedias.net\/index.php?rest_route=\/wp\/v2\/posts\/65341\/revisions\/65348"}],"wp:featuredmedia":[{"embeddable":true,"href":"https:\/\/www.imedias.net\/index.php?rest_route=\/wp\/v2\/media\/65342"}],"wp:attachment":[{"href":"https:\/\/www.imedias.net\/index.php?rest_route=%2Fwp%2Fv2%2Fmedia&parent=65341"}],"wp:term":[{"taxonomy":"category","embeddable":true,"href":"https:\/\/www.imedias.net\/index.php?rest_route=%2Fwp%2Fv2%2Fcategories&post=65341"},{"taxonomy":"post_tag","embeddable":true,"href":"https:\/\/www.imedias.net\/index.php?rest_route=%2Fwp%2Fv2%2Ftags&post=65341"},{"taxonomy":"tmauthors","embeddable":true,"href":"https:\/\/www.imedias.net\/index.php?rest_route=%2Fwp%2Fv2%2Ftmauthors&post=65341"}],"curies":[{"name":"wp","href":"https:\/\/api.w.org\/{rel}","templated":true}]}}