{"id":65337,"date":"2026-04-27T17:46:31","date_gmt":"2026-04-27T17:46:31","guid":{"rendered":"https:\/\/www.imedias.net\/?p=65337"},"modified":"2026-04-27T17:46:33","modified_gmt":"2026-04-27T17:46:33","slug":"officiel-kamou-malo-prolonge-de-deux-ans-avec-le-ci-kamsar","status":"publish","type":"post","link":"https:\/\/www.imedias.net\/?p=65337","title":{"rendered":"OFFICIEL : Kamou Malo prolonge de deux ans avec le CI Kamsar"},"content":{"rendered":"<p>Comme annonc\u00e9 en exclusivit\u00e9 par notre r\u00e9daction, le technicien burkinab\u00e9 Kamou Malo a officiellement sign\u00e9 un nouveau contrat \u00e0 la t\u00eate du Club Industriel de Kamsar. Auteur d\u2019une premi\u00e8re saison remarquable en Guin\u00e9e, l\u2019ancien s\u00e9lectionneur des \u00c9talons du Burkina Faso a su convaincre ses dirigeants, qui ont d\u00e9cid\u00e9 de miser sur la continuit\u00e9.<\/p>\n<p>Ce lundi 27 avril, Kamou Malo et le pr\u00e9sident du CI Kamsar, Ren\u00e9 Junior Bangoura, ont scell\u00e9 cet accord \u00e0 travers la signature d\u2019un bail de deux ans, liant d\u00e9sormais le technicien au club jusqu\u2019en 2028. Une prolongation qui vient r\u00e9compenser le travail accompli et la dynamique positive insuffl\u00e9e au sein de la formation de Kakand\u00e9.<\/p>\n<p>Fort d\u2019un exercice abouti, le club industriel affiche clairement ses ambitions d3 s\u2019installer durablement parmi les pr\u00e9tendants au sommet du championnat national. La direction a ainsi renouvel\u00e9 sa confiance \u00e0 Kamou Malo, tout en lui fixant des objectifs encore plus \u00e9lev\u00e9s pour la saison \u00e0 venir.<\/p>\n<p>Selon nos informations, l\u2019entra\u00eeneur burkinab\u00e9 et son staff devraient s\u2019envoler dans les prochaines heures pour rejoindre leurs familles au pays, afin de profiter d\u2019un repos bien m\u00e9rit\u00e9. De retour, l\u2019objectif sera de faire encore mieux et confirmer les progr\u00e8s enregistr\u00e9s cette saison en Ligue 1 Guicopres.<\/p>\n<p> Med Sesay <\/p>\n","protected":false},"excerpt":{"rendered":"<p>Comme annonc\u00e9 en exclusivit\u00e9 par notre r\u00e9daction, le technicien burkinab\u00e9 Kamou Malo a officiellement sign\u00e9 un nouveau contrat \u00e0 la t\u00eate du Club Industriel de Kamsar. Auteur d\u2019une premi\u00e8re saison remarquable en Guin\u00e9e, l\u2019ancien s\u00e9lectionneur des \u00c9talons du Burkina Faso a su convaincre ses dirigeants, qui ont d\u00e9cid\u00e9 de miser sur la continuit\u00e9. Ce lundi [&hellip;]<\/p>\n","protected":false},"author":4,"featured_media":65338,"comment_status":"open","ping_status":"open","sticky":false,"template":"","format":"standard","meta":{"footnotes":""},"categories":[77,78,150,151,117,118,11],"tags":[508,30,125,3589,3546,636,15793],"tmauthors":[15724],"class_list":{"0":"post-65337","1":"post","2":"type-post","3":"status-publish","4":"format-standard","5":"has-post-thumbnail","7":"category-actualite","8":"category-afrique","9":"category-monde","10":"category-news","11":"category-sport","12":"category-sports","13":"category-world","14":"tag-ci-kamsar","15":"tag-featured","16":"tag-guinee","17":"tag-kamou-malo","18":"tag-ligue-1-guicopres","19":"tag-med-sesay","20":"tag-rene-junior-bangoura"},"_links":{"self":[{"href":"https:\/\/www.imedias.net\/index.php?rest_route=\/wp\/v2\/posts\/65337","targetHints":{"allow":["GET"]}}],"collection":[{"href":"https:\/\/www.imedias.net\/index.php?rest_route=\/wp\/v2\/posts"}],"about":[{"href":"https:\/\/www.imedias.net\/index.php?rest_route=\/wp\/v2\/types\/post"}],"author":[{"embeddable":true,"href":"https:\/\/www.imedias.net\/index.php?rest_route=\/wp\/v2\/users\/4"}],"replies":[{"embeddable":true,"href":"https:\/\/www.imedias.net\/index.php?rest_route=%2Fwp%2Fv2%2Fcomments&post=65337"}],"version-history":[{"count":1,"href":"https:\/\/www.imedias.net\/index.php?rest_route=\/wp\/v2\/posts\/65337\/revisions"}],"predecessor-version":[{"id":65339,"href":"https:\/\/www.imedias.net\/index.php?rest_route=\/wp\/v2\/posts\/65337\/revisions\/65339"}],"wp:featuredmedia":[{"embeddable":true,"href":"https:\/\/www.imedias.net\/index.php?rest_route=\/wp\/v2\/media\/65338"}],"wp:attachment":[{"href":"https:\/\/www.imedias.net\/index.php?rest_route=%2Fwp%2Fv2%2Fmedia&parent=65337"}],"wp:term":[{"taxonomy":"category","embeddable":true,"href":"https:\/\/www.imedias.net\/index.php?rest_route=%2Fwp%2Fv2%2Fcategories&post=65337"},{"taxonomy":"post_tag","embeddable":true,"href":"https:\/\/www.imedias.net\/index.php?rest_route=%2Fwp%2Fv2%2Ftags&post=65337"},{"taxonomy":"tmauthors","embeddable":true,"href":"https:\/\/www.imedias.net\/index.php?rest_route=%2Fwp%2Fv2%2Ftmauthors&post=65337"}],"curies":[{"name":"wp","href":"https:\/\/api.w.org\/{rel}","templated":true}]}}