{"id":65330,"date":"2026-04-27T16:25:45","date_gmt":"2026-04-27T16:25:45","guid":{"rendered":"https:\/\/www.imedias.net\/?p=65330"},"modified":"2026-04-27T16:32:41","modified_gmt":"2026-04-27T16:32:41","slug":"lafrique-se-dote-enfin-de-sa-voix-ecologique-le-groupe-media-afrique-environnement-arrive","status":"publish","type":"post","link":"https:\/\/www.imedias.net\/?p=65330","title":{"rendered":"L&rsquo;Afrique se dote enfin de sa voix \u00e9cologique : le Groupe M\u00e9dia Afrique Environnement arrive"},"content":{"rendered":"\n<p><em><strong>Un m\u00e9dia panafricain in\u00e9dit, n\u00e9 d&rsquo;un combat de six ans, pour faire de l&rsquo;environnement une priorit\u00e9 d&rsquo;information sur le continent.<\/strong><\/em><\/p>\n\n<p>Il y a des projets qui ne naissent pas d&rsquo;une opportunit\u00e9. Ils naissent d&rsquo;une conviction. Celle de Mamady Aminata TOUR\u00c9, \u00ab\u00a0Petit Tour\u00e9\u00a0\u00bb, Pr\u00e9sident-Fondateur de CIPAD International Guin\u00e9e et Point Focal de l&rsquo;\u00c9conomie Sociale et Solidaire en Guin\u00e9e, en est la parfaite illustration.<\/p>\n\n<figure><img decoding=\"async\" style=\"width: 281px; height: auto;\" src=\"https:\/\/www.imedias.net\/wp-content\/uploads\/2026\/04\/WhatsApp-Image-2026-04-26-at-23.00.04-1024x733.jpeg\" alt=\"\" \/><\/figure>\n\n<p>Pendant six ans, cet infatigable jeune leader a sillonn\u00e9 les plus grandes tribunes mondiales, les Assembl\u00e9es G\u00e9n\u00e9rales des Nations Unies \u00e0 New York, les Assembl\u00e9es Annuelles de la Banque Mondiale et du FMI \u00e0 Washington DC, les Conf\u00e9rences des Parties (COPs) pour saisir, dans toute sa profondeur, la crise climatique qui menace l&rsquo;humanit\u00e9. De ces ann\u00e9es de combat et de plaidoyer est n\u00e9 un projet ambitieux, aujourd&rsquo;hui pr\u00eat \u00e0 voir le jour : <strong>le Groupe M\u00e9dia Afrique Environnement<\/strong>.<\/p>\n\n<p><strong>Le premier m\u00e9dia panafricain enti\u00e8rement d\u00e9di\u00e9 \u00e0 l&rsquo;\u00e9cologie<\/strong><\/p>\n\n<p>Pr\u00e9sent\u00e9 comme une initiative in\u00e9dite dans le paysage m\u00e9diatique africain, le <strong>Groupe M\u00e9dia Afrique Environnement<\/strong> est une plateforme strat\u00e9gique, enti\u00e8rement consacr\u00e9e aux enjeux environnementaux du continent, accessible sur <strong><a href=\"http:\/\/www.afriquenvironnement.com\">www.afriquenvironnement.com<\/a><\/strong>, en cinq langues : fran\u00e7ais, anglais, arabe, espagnol et portugais.<\/p>\n\n<p>Son socle ? Les <strong>17 Objectifs de D\u00e9veloppement Durable (ODD)<\/strong> de l&rsquo;Agenda 2030, adopt\u00e9s par les Nations Unies en 2015, auxquels s&rsquo;ajoutent les grandes conventions internationales : CCNUCC sur les changements climatiques, UNCCD sur la d\u00e9sertification, CDB sur la biodiversit\u00e9, et les conventions BRS sur la gestion des d\u00e9chets dangereux et la pollution.<\/p>\n\n<p><strong>Un journalisme de solutions, centr\u00e9 sur l&rsquo;impact<\/strong><\/p>\n\n<p>Face au silence des m\u00e9dias traditionnels sur les probl\u00e9matiques environnementales africaines, le Groupe M\u00e9dia Afrique Environnement choisit une autre voie : <strong>le journalisme de solutions<\/strong>.<\/p>\n\n<p>Concr\u00e8tement, cela signifie :<\/p>\n\n<ul class=\"wp-block-list\">\n<li><strong>Informer<\/strong> sur les enjeux environnementaux en Afrique avec rigueur et profondeur ;<\/li>\n\n<li><strong>Analyser<\/strong> les politiques publiques et les engagements li\u00e9s aux ODD ;<\/li>\n\n<li><strong>Valoriser<\/strong> les startups vertes, les pratiques agricoles durables, les projets d&rsquo;\u00e9nergies renouvelables et les initiatives communautaires \u00e0 fort impact ;<\/li>\n\n<li><strong>Donner la parole<\/strong> aux experts, chercheurs, reporters et acteurs de terrain ;<\/li>\n\n<li><strong>Sensibiliser<\/strong> les citoyens pour changer les comportements et promouvoir l&rsquo;\u00e9cocitoyennet\u00e9.<\/li>\n<\/ul>\n\n<p>L&rsquo;objectif ultime ? Contribuer \u00e0 la r\u00e9duction des \u00e9missions de gaz \u00e0 effet de serre et \u00e0 la limitation du r\u00e9chauffement climatique en dessous de <strong>2\u00b0C<\/strong>, partout en Afrique.<\/p>\n\n<p><strong>Une r\u00e9ponse concr\u00e8te \u00e0 un vide m\u00e9diatique criant<\/strong><\/p>\n\n<p>Malgr\u00e9 la richesse et la diversit\u00e9 des initiatives environnementales sur le continent, celles-ci restent largement invisibles dans les espaces m\u00e9diatiques classiques. La complexit\u00e9 des ODD, leur m\u00e9connaissance par le grand public, l&rsquo;avanc\u00e9e du d\u00e9sert, la crise climatique\u2026 autant de d\u00e9fis qui appellent une r\u00e9ponse m\u00e9diatique sp\u00e9cialis\u00e9e, structur\u00e9e et panafricaine.<\/p>\n\n<p>C&rsquo;est exactement ce que propose le Groupe M\u00e9dia Afrique Environnement : <strong>combler ce vide, amplifier ces voix, et accompagner les gouvernements africains dans la mise en \u0153uvre de leurs programmes de d\u00e9veloppement durable<\/strong>.<\/p>\n\n<p><strong>L&rsquo;Afrique m\u00e9rite son propre m\u00e9dia de l&rsquo;\u00e9cologie<\/strong><\/p>\n\n<p>Avec ses journalistes, reporters, experts, investigateurs, chercheurs et correspondants r\u00e9partis \u00e0 travers le continent, le Groupe M\u00e9dia Afrique Environnement ambitionne de devenir <strong>la r\u00e9f\u00e9rence panafricaine incontournable<\/strong> sur les questions d&rsquo;\u00e9cologie et de d\u00e9veloppement durable.<\/p>\n\n<p>Une plateforme d&rsquo;alerte. Un espace d&rsquo;\u00e9ducation. Un vecteur de changement.<\/p>\n\n<p><em>\u00ab\u00a0L&rsquo;Afrique ne manque pas de solutions. Elle manque d&rsquo;une voix pour les porter.\u00a0\u00bb<\/em><\/p>\n\n<p><strong>Le lancement approche. Restez connect\u00e9s. <a href=\"http:\/\/www.afriquenvironnement.com\">www.afriquenvironnement.com<\/a><\/strong><\/p>\n","protected":false},"excerpt":{"rendered":"<p>Un m\u00e9dia panafricain in\u00e9dit, n\u00e9 d&rsquo;un combat de six ans, pour faire de l&rsquo;environnement une priorit\u00e9 d&rsquo;information sur le continent. Il y a des projets qui ne naissent pas d&rsquo;une opportunit\u00e9. Ils naissent d&rsquo;une conviction. Celle de Mamady Aminata TOUR\u00c9, \u00ab\u00a0Petit Tour\u00e9\u00a0\u00bb, Pr\u00e9sident-Fondateur de CIPAD International Guin\u00e9e et Point Focal de l&rsquo;\u00c9conomie Sociale et Solidaire [&hellip;]<\/p>\n","protected":false},"author":1,"featured_media":65332,"comment_status":"open","ping_status":"open","sticky":false,"template":"","format":"standard","meta":{"footnotes":""},"categories":[77,78,158],"tags":[15792,15791,12383],"tmauthors":[15706],"class_list":{"0":"post-65330","1":"post","2":"type-post","3":"status-publish","4":"format-standard","5":"has-post-thumbnail","7":"category-actualite","8":"category-afrique","9":"category-environnement","10":"tag-cipad-international-guinee","11":"tag-groupe-media-afrique-environnement","12":"tag-mamady-aminata-toure"},"_links":{"self":[{"href":"https:\/\/www.imedias.net\/index.php?rest_route=\/wp\/v2\/posts\/65330","targetHints":{"allow":["GET"]}}],"collection":[{"href":"https:\/\/www.imedias.net\/index.php?rest_route=\/wp\/v2\/posts"}],"about":[{"href":"https:\/\/www.imedias.net\/index.php?rest_route=\/wp\/v2\/types\/post"}],"author":[{"embeddable":true,"href":"https:\/\/www.imedias.net\/index.php?rest_route=\/wp\/v2\/users\/1"}],"replies":[{"embeddable":true,"href":"https:\/\/www.imedias.net\/index.php?rest_route=%2Fwp%2Fv2%2Fcomments&post=65330"}],"version-history":[{"count":4,"href":"https:\/\/www.imedias.net\/index.php?rest_route=\/wp\/v2\/posts\/65330\/revisions"}],"predecessor-version":[{"id":65336,"href":"https:\/\/www.imedias.net\/index.php?rest_route=\/wp\/v2\/posts\/65330\/revisions\/65336"}],"wp:featuredmedia":[{"embeddable":true,"href":"https:\/\/www.imedias.net\/index.php?rest_route=\/wp\/v2\/media\/65332"}],"wp:attachment":[{"href":"https:\/\/www.imedias.net\/index.php?rest_route=%2Fwp%2Fv2%2Fmedia&parent=65330"}],"wp:term":[{"taxonomy":"category","embeddable":true,"href":"https:\/\/www.imedias.net\/index.php?rest_route=%2Fwp%2Fv2%2Fcategories&post=65330"},{"taxonomy":"post_tag","embeddable":true,"href":"https:\/\/www.imedias.net\/index.php?rest_route=%2Fwp%2Fv2%2Ftags&post=65330"},{"taxonomy":"tmauthors","embeddable":true,"href":"https:\/\/www.imedias.net\/index.php?rest_route=%2Fwp%2Fv2%2Ftmauthors&post=65330"}],"curies":[{"name":"wp","href":"https:\/\/api.w.org\/{rel}","templated":true}]}}