{"id":65327,"date":"2026-04-27T12:05:11","date_gmt":"2026-04-27T12:05:11","guid":{"rendered":"https:\/\/www.imedias.net\/?p=65327"},"modified":"2026-04-27T12:05:13","modified_gmt":"2026-04-27T12:05:13","slug":"exclu-imedias-kamou-malo-prolonge-au-ci-kamsar","status":"publish","type":"post","link":"https:\/\/www.imedias.net\/?p=65327","title":{"rendered":"Exclu Imedias : Kamou Malo prolonge au CI Kamsar"},"content":{"rendered":"<p>Le Club Industriel de Kamsar vient de franchir un cap important dans son projet sportif. Auteur de l\u2019une de ses meilleures saisons en Ligue 1 Guicopres depuis 2021, le club a brillamment termin\u00e9 sur le podium, derri\u00e8re le Hafia FC et le Horoya AC. Une performance de haut niveau port\u00e9e par le technicien burkinab\u00e9 Kamou Malo.<\/p>\n<p>Selon les informations exclusives d\u2019Imedias, cette r\u00e9ussite n\u2019est pas pass\u00e9e inaper\u00e7ue aupr\u00e8s des dirigeants du club de Kakand\u00e9. En guise de r\u00e9compense et dans une logique de continuit\u00e9, Kamou Malo a prolong\u00e9 son contrat jusqu\u2019en 2028, avec un nouvel engagement portant sur deux ann\u00e9es suppl\u00e9mentaires.<\/p>\n<p>Arriv\u00e9 avec l\u2019ambition d\u2019installer durablement le CI Kamsar parmi les \u00e9quipes majeures du championnat, l\u2019ancien s\u00e9lectionneur des \u00c9talons du Burkina Faso a rapidement impos\u00e9 sa patte. En menant son \u00e9quipe \u00e0 une pr\u00e9cieuse 3e place, il a su rivaliser avec les cadors du football guin\u00e9en et redonner une v\u00e9ritable dynamique au club.<\/p>\n<p>Cette prolongation s\u2019inscrit donc dans une volont\u00e9 claire de stabilit\u00e9 et de progression. La direction kamsaroise a lev\u00e9 l\u2019option incluse dans son contrat, confirmant ainsi sa confiance envers un entra\u00eeneur qui a su transformer les ambitions en r\u00e9sultats concrets.<\/p>\n<p>D\u00e9sormais, les objectifs sont revus \u00e0 la hausse. Pour la saison \u00e0 venir, Kamou Malo aura pour mission de jouer le titre, ou \u00e0 d\u00e9faut, d\u2019assurer une qualification sur la sc\u00e8ne africaine. L\u2019officialisation de cette prolongation est attendue dans les prochaines heures. La belle histoire entre Kamou Malo et le CI Kamsar est donc loin d\u2019\u00eatre termin\u00e9e.<\/p>\n<p>Med Sesay<\/p>\n","protected":false},"excerpt":{"rendered":"<p>Le Club Industriel de Kamsar vient de franchir un cap important dans son projet sportif. Auteur de l\u2019une de ses meilleures saisons en Ligue 1 Guicopres depuis 2021, le club a brillamment termin\u00e9 sur le podium, derri\u00e8re le Hafia FC et le Horoya AC. Une performance de haut niveau port\u00e9e par le technicien burkinab\u00e9 Kamou [&hellip;]<\/p>\n","protected":false},"author":4,"featured_media":65328,"comment_status":"open","ping_status":"open","sticky":false,"template":"","format":"standard","meta":{"footnotes":""},"categories":[77,78,150,151,117,118,11],"tags":[10839,508,4649,30,125,4590,3589,5329,636],"tmauthors":[15724],"class_list":{"0":"post-65327","1":"post","2":"type-post","3":"status-publish","4":"format-standard","5":"has-post-thumbnail","7":"category-actualite","8":"category-afrique","9":"category-monde","10":"category-news","11":"category-sport","12":"category-sports","13":"category-world","14":"tag-burkinabe","15":"tag-ci-kamsar","16":"tag-exclu-imedias","17":"tag-featured","18":"tag-guinee","19":"tag-imedias","20":"tag-kamou-malo","21":"tag-kamsar","22":"tag-med-sesay"},"_links":{"self":[{"href":"https:\/\/www.imedias.net\/index.php?rest_route=\/wp\/v2\/posts\/65327","targetHints":{"allow":["GET"]}}],"collection":[{"href":"https:\/\/www.imedias.net\/index.php?rest_route=\/wp\/v2\/posts"}],"about":[{"href":"https:\/\/www.imedias.net\/index.php?rest_route=\/wp\/v2\/types\/post"}],"author":[{"embeddable":true,"href":"https:\/\/www.imedias.net\/index.php?rest_route=\/wp\/v2\/users\/4"}],"replies":[{"embeddable":true,"href":"https:\/\/www.imedias.net\/index.php?rest_route=%2Fwp%2Fv2%2Fcomments&post=65327"}],"version-history":[{"count":1,"href":"https:\/\/www.imedias.net\/index.php?rest_route=\/wp\/v2\/posts\/65327\/revisions"}],"predecessor-version":[{"id":65329,"href":"https:\/\/www.imedias.net\/index.php?rest_route=\/wp\/v2\/posts\/65327\/revisions\/65329"}],"wp:featuredmedia":[{"embeddable":true,"href":"https:\/\/www.imedias.net\/index.php?rest_route=\/wp\/v2\/media\/65328"}],"wp:attachment":[{"href":"https:\/\/www.imedias.net\/index.php?rest_route=%2Fwp%2Fv2%2Fmedia&parent=65327"}],"wp:term":[{"taxonomy":"category","embeddable":true,"href":"https:\/\/www.imedias.net\/index.php?rest_route=%2Fwp%2Fv2%2Fcategories&post=65327"},{"taxonomy":"post_tag","embeddable":true,"href":"https:\/\/www.imedias.net\/index.php?rest_route=%2Fwp%2Fv2%2Ftags&post=65327"},{"taxonomy":"tmauthors","embeddable":true,"href":"https:\/\/www.imedias.net\/index.php?rest_route=%2Fwp%2Fv2%2Ftmauthors&post=65327"}],"curies":[{"name":"wp","href":"https:\/\/api.w.org\/{rel}","templated":true}]}}