{"id":65311,"date":"2026-04-26T10:02:00","date_gmt":"2026-04-26T10:02:00","guid":{"rendered":"https:\/\/www.imedias.net\/?p=65311"},"modified":"2026-04-26T22:14:38","modified_gmt":"2026-04-26T22:14:38","slug":"attaques-au-mali-la-cedeao-condamne-et-appelle-a-lunite-face-au-terrorisme","status":"publish","type":"post","link":"https:\/\/www.imedias.net\/?p=65311","title":{"rendered":"Attaques au Mali : la CEDEAO condamne et appelle \u00e0 l\u2019unit\u00e9 face au terrorisme"},"content":{"rendered":"\t\t<div data-elementor-type=\"wp-post\" data-elementor-id=\"65311\" class=\"elementor elementor-65311\" data-elementor-post-type=\"post\">\n\t\t\t\t<div class=\"elementor-element elementor-element-58a94183 e-flex e-con-boxed e-con e-parent\" data-id=\"58a94183\" data-element_type=\"container\" data-e-type=\"container\">\n\t\t\t\t\t<div class=\"e-con-inner\">\n\t\t\t\t<div class=\"elementor-element elementor-element-231a31c elementor-widget elementor-widget-text-editor\" data-id=\"231a31c\" data-element_type=\"widget\" data-e-type=\"widget\" data-widget_type=\"text-editor.default\">\n\t\t\t\t\t\t\t\t\t\n<p>La r\u00e9action n\u2019a pas tard\u00e9. Au lendemain d\u2019attaques coordonn\u00e9es qui ont frapp\u00e9 plusieurs localit\u00e9s du Mali, la CEDEAO a fermement condamn\u00e9 des actes qu\u2019elle qualifie \u00ab d\u2019odieux \u00bb.<\/p>\n\n<p>Dans un communiqu\u00e9 publi\u00e9 depuis Abuja, l\u2019organisation ouest-africaine d\u00e9nonce des violences qui \u00ab menacent la paix, la s\u00e9curit\u00e9 et la stabilit\u00e9 \u00bb de toute la r\u00e9gion. Ces attaques, survenues samedi 25 avril, illustrent une nouvelle fois la capacit\u00e9 des groupes arm\u00e9s \u00e0 frapper simultan\u00e9ment en diff\u00e9rents points du territoire malien.<\/p>\n\n<p>Face \u00e0 cette situation, la CEDEAO appelle \u00e0 une mobilisation g\u00e9n\u00e9rale. \u00c9tats membres, forces de s\u00e9curit\u00e9, m\u00e9canismes r\u00e9gionaux et populations : tous sont invit\u00e9s \u00e0 \u00ab s\u2019unir \u00bb pour faire face \u00e0 la menace terroriste, de plus en plus persistante dans le Sahel.<\/p>\n\n<p>L\u2019organisation a \u00e9galement adress\u00e9 ses condol\u00e9ances aux familles des victimes et exprim\u00e9 sa solidarit\u00e9 avec le peuple malien. Un message de soutien dans un contexte s\u00e9curitaire toujours plus pr\u00e9occupant.<\/p>\n\n<p>Alors que le Mali reste confront\u00e9 \u00e0 une ins\u00e9curit\u00e9 chronique, cette nouvelle s\u00e9rie d\u2019attaques relance les inqui\u00e9tudes sur une possible extension des violences \u00e0 l\u2019ensemble de l\u2019Afrique de l\u2019Ouest. La CEDEAO, elle, insiste : seule une r\u00e9ponse collective permettra de contenir le ph\u00e9nom\u00e8ne.<\/p>\n\t\t\t\t\t\t\t\t<\/div>\n\t\t\t\t\t<\/div>\n\t\t\t\t<\/div>\n\t\t\t\t<\/div>\n\t\t","protected":false},"excerpt":{"rendered":"<p>La r\u00e9action n\u2019a pas tard\u00e9. Au lendemain d\u2019attaques coordonn\u00e9es qui ont frapp\u00e9 plusieurs localit\u00e9s du Mali, la CEDEAO a fermement condamn\u00e9 des actes qu\u2019elle qualifie \u00ab d\u2019odieux \u00bb. Dans un communiqu\u00e9 publi\u00e9 depuis Abuja, l\u2019organisation ouest-africaine d\u00e9nonce des violences qui \u00ab menacent la paix, la s\u00e9curit\u00e9 et la stabilit\u00e9 \u00bb de toute la r\u00e9gion. Ces [&hellip;]<\/p>\n","protected":false},"author":1,"featured_media":65312,"comment_status":"open","ping_status":"open","sticky":false,"template":"","format":"standard","meta":{"footnotes":""},"categories":[77,78,82],"tags":[15790,362,5352,234,196],"tmauthors":[15706],"class_list":{"0":"post-65311","1":"post","2":"type-post","3":"status-publish","4":"format-standard","5":"has-post-thumbnail","7":"category-actualite","8":"category-afrique","9":"category-politique","10":"tag-atttaques","11":"tag-cedeao","12":"tag-condamne-2","13":"tag-mali","14":"tag-terrorisme"},"_links":{"self":[{"href":"https:\/\/www.imedias.net\/index.php?rest_route=\/wp\/v2\/posts\/65311","targetHints":{"allow":["GET"]}}],"collection":[{"href":"https:\/\/www.imedias.net\/index.php?rest_route=\/wp\/v2\/posts"}],"about":[{"href":"https:\/\/www.imedias.net\/index.php?rest_route=\/wp\/v2\/types\/post"}],"author":[{"embeddable":true,"href":"https:\/\/www.imedias.net\/index.php?rest_route=\/wp\/v2\/users\/1"}],"replies":[{"embeddable":true,"href":"https:\/\/www.imedias.net\/index.php?rest_route=%2Fwp%2Fv2%2Fcomments&post=65311"}],"version-history":[{"count":4,"href":"https:\/\/www.imedias.net\/index.php?rest_route=\/wp\/v2\/posts\/65311\/revisions"}],"predecessor-version":[{"id":65316,"href":"https:\/\/www.imedias.net\/index.php?rest_route=\/wp\/v2\/posts\/65311\/revisions\/65316"}],"wp:featuredmedia":[{"embeddable":true,"href":"https:\/\/www.imedias.net\/index.php?rest_route=\/wp\/v2\/media\/65312"}],"wp:attachment":[{"href":"https:\/\/www.imedias.net\/index.php?rest_route=%2Fwp%2Fv2%2Fmedia&parent=65311"}],"wp:term":[{"taxonomy":"category","embeddable":true,"href":"https:\/\/www.imedias.net\/index.php?rest_route=%2Fwp%2Fv2%2Fcategories&post=65311"},{"taxonomy":"post_tag","embeddable":true,"href":"https:\/\/www.imedias.net\/index.php?rest_route=%2Fwp%2Fv2%2Ftags&post=65311"},{"taxonomy":"tmauthors","embeddable":true,"href":"https:\/\/www.imedias.net\/index.php?rest_route=%2Fwp%2Fv2%2Ftmauthors&post=65311"}],"curies":[{"name":"wp","href":"https:\/\/api.w.org\/{rel}","templated":true}]}}