{"id":65302,"date":"2026-04-26T21:42:37","date_gmt":"2026-04-26T21:42:37","guid":{"rendered":"https:\/\/www.imedias.net\/?p=65302"},"modified":"2026-04-26T21:45:12","modified_gmt":"2026-04-26T21:45:12","slug":"mali-le-general-sadio-camara-tue-dans-une-attaque-attribuee-au-jnim-plusieurs-hauts-responsables-blesses","status":"publish","type":"post","link":"https:\/\/www.imedias.net\/?p=65302","title":{"rendered":"Mali : le g\u00e9n\u00e9ral Sadio Camara tu\u00e9 dans une attaque attribu\u00e9e au JNIM, plusieurs hauts responsables bless\u00e9s"},"content":{"rendered":"\t\t<div data-elementor-type=\"wp-post\" data-elementor-id=\"65302\" class=\"elementor elementor-65302\" data-elementor-post-type=\"post\">\n\t\t\t\t<div class=\"elementor-element elementor-element-1c3f576f e-flex e-con-boxed e-con e-parent\" data-id=\"1c3f576f\" data-element_type=\"container\" data-e-type=\"container\">\n\t\t\t\t\t<div class=\"e-con-inner\">\n\t\t\t\t<div class=\"elementor-element elementor-element-7be39d4f elementor-widget elementor-widget-text-editor\" data-id=\"7be39d4f\" data-element_type=\"widget\" data-e-type=\"widget\" data-widget_type=\"text-editor.default\">\n\t\t\t\t\t\t\t\t\t\n<p>Un nouveau choc secoue les cercles du pouvoir malien. Le g\u00e9n\u00e9ral de corps d\u2019arm\u00e9e Sadio Camara a \u00e9t\u00e9 tu\u00e9 samedi 25 avril dans une attaque attribu\u00e9e au JNIM, selon un communiqu\u00e9 du Comit\u00e9 transitoire civilo-militaire (CTCM). L\u2019attentat, men\u00e9 \u00e0 son domicile de Kati, pr\u00e8s de Bamako, s\u2019inscrit dans une s\u00e9rie d\u2019op\u00e9rations coordonn\u00e9es ayant vis\u00e9 plusieurs localit\u00e9s du pays.<\/p>\n\n<p>Figure centrale de l\u2019appareil s\u00e9curitaire malien, Sadio Camara occupait une place strat\u00e9gique dans la lutte contre les groupes arm\u00e9s actifs au Sahel. Sa disparition, dans des circonstances violentes et cibl\u00e9es, met en lumi\u00e8re la vuln\u00e9rabilit\u00e9 persistante des plus hauts responsables militaires face \u00e0 des organisations jihadistes capables de frapper au c\u0153ur m\u00eame des zones r\u00e9put\u00e9es s\u00e9curis\u00e9es.<\/p>\n\n<p>La d\u00e9pouille du g\u00e9n\u00e9ral a \u00e9t\u00e9 transf\u00e9r\u00e9e au G\u00e9nie militaire de Bamako. Les autorit\u00e9s ont annonc\u00e9 une inhumation imminente, accompagn\u00e9e des honneurs militaires, dans un contexte de deuil national non d\u00e9clar\u00e9 mais palpable.<\/p>\n\n<p>Au-del\u00e0 de la perte symbolique, l\u2019attaque a \u00e9galement touch\u00e9 d\u2019autres piliers de l\u2019appareil s\u00e9curitaire. Le g\u00e9n\u00e9ral Modibo Kon\u00e9, \u00e0 la t\u00eate de l\u2019Agence nationale de la s\u00e9curit\u00e9 d\u2019\u00c9tat (ANSE), a \u00e9t\u00e9 bless\u00e9 et op\u00e9r\u00e9 avec succ\u00e8s dans une clinique de la capitale. Le chef d\u2019\u00e9tat-major g\u00e9n\u00e9ral des arm\u00e9es, le g\u00e9n\u00e9ral Oumar Diarra, a lui aussi \u00e9t\u00e9 atteint. Hospitalis\u00e9 \u00e0 Kati, son \u00e9tat est jug\u00e9 stable.<\/p>\n\n<p>Ces attaques coordonn\u00e9es illustrent une \u00e9volution pr\u00e9occupante du mode op\u00e9ratoire des groupes affili\u00e9s \u00e0 Al-Qa\u00efda dans la r\u00e9gion. Longtemps cantonn\u00e9s \u00e0 des zones rurales ou p\u00e9riph\u00e9riques, ils d\u00e9montrent d\u00e9sormais leur capacit\u00e9 \u00e0 infiltrer des espaces urbains et \u00e0 cibler des figures de premier plan, avec un impact politique et psychologique consid\u00e9rable.<\/p>\n\n<p>Dans son communiqu\u00e9, le CTCM a exprim\u00e9 ses condol\u00e9ances aux familles des victimes et assur\u00e9 que les bless\u00e9s recevaient les soins n\u00e9cessaires. Aucune pr\u00e9cision n\u2019a toutefois \u00e9t\u00e9 apport\u00e9e sur les mesures s\u00e9curitaires envisag\u00e9es \u00e0 court terme pour pr\u00e9venir de nouvelles attaques de cette ampleur.<\/p>\n\n<p><strong>Imedias.net<\/strong><\/p>\n\t\t\t\t\t\t\t\t<\/div>\n\t\t\t\t\t<\/div>\n\t\t\t\t<\/div>\n\t\t\t\t<\/div>\n\t\t","protected":false},"excerpt":{"rendered":"<p>Un nouveau choc secoue les cercles du pouvoir malien. Le g\u00e9n\u00e9ral de corps d\u2019arm\u00e9e Sadio Camara a \u00e9t\u00e9 tu\u00e9 samedi 25 avril dans une attaque attribu\u00e9e au JNIM, selon un communiqu\u00e9 du Comit\u00e9 transitoire civilo-militaire (CTCM). L\u2019attentat, men\u00e9 \u00e0 son domicile de Kati, pr\u00e8s de Bamako, s\u2019inscrit dans une s\u00e9rie d\u2019op\u00e9rations coordonn\u00e9es ayant vis\u00e9 plusieurs [&hellip;]<\/p>\n","protected":false},"author":1,"featured_media":65305,"comment_status":"open","ping_status":"open","sticky":false,"template":"","format":"standard","meta":{"footnotes":""},"categories":[77,78,82],"tags":[15788,5097],"tmauthors":[15706],"class_list":{"0":"post-65302","1":"post","2":"type-post","3":"status-publish","4":"format-standard","5":"has-post-thumbnail","7":"category-actualite","8":"category-afrique","9":"category-politique","10":"tag-general-de-corps-darmee-sadio-camara","11":"tag-tue"},"_links":{"self":[{"href":"https:\/\/www.imedias.net\/index.php?rest_route=\/wp\/v2\/posts\/65302","targetHints":{"allow":["GET"]}}],"collection":[{"href":"https:\/\/www.imedias.net\/index.php?rest_route=\/wp\/v2\/posts"}],"about":[{"href":"https:\/\/www.imedias.net\/index.php?rest_route=\/wp\/v2\/types\/post"}],"author":[{"embeddable":true,"href":"https:\/\/www.imedias.net\/index.php?rest_route=\/wp\/v2\/users\/1"}],"replies":[{"embeddable":true,"href":"https:\/\/www.imedias.net\/index.php?rest_route=%2Fwp%2Fv2%2Fcomments&post=65302"}],"version-history":[{"count":4,"href":"https:\/\/www.imedias.net\/index.php?rest_route=\/wp\/v2\/posts\/65302\/revisions"}],"predecessor-version":[{"id":65310,"href":"https:\/\/www.imedias.net\/index.php?rest_route=\/wp\/v2\/posts\/65302\/revisions\/65310"}],"wp:featuredmedia":[{"embeddable":true,"href":"https:\/\/www.imedias.net\/index.php?rest_route=\/wp\/v2\/media\/65305"}],"wp:attachment":[{"href":"https:\/\/www.imedias.net\/index.php?rest_route=%2Fwp%2Fv2%2Fmedia&parent=65302"}],"wp:term":[{"taxonomy":"category","embeddable":true,"href":"https:\/\/www.imedias.net\/index.php?rest_route=%2Fwp%2Fv2%2Fcategories&post=65302"},{"taxonomy":"post_tag","embeddable":true,"href":"https:\/\/www.imedias.net\/index.php?rest_route=%2Fwp%2Fv2%2Ftags&post=65302"},{"taxonomy":"tmauthors","embeddable":true,"href":"https:\/\/www.imedias.net\/index.php?rest_route=%2Fwp%2Fv2%2Ftmauthors&post=65302"}],"curies":[{"name":"wp","href":"https:\/\/api.w.org\/{rel}","templated":true}]}}