{"id":62054,"date":"2025-11-28T11:20:50","date_gmt":"2025-11-28T11:20:50","guid":{"rendered":"https:\/\/www.imedias.net\/?p=62054"},"modified":"2025-11-28T11:20:50","modified_gmt":"2025-11-28T11:20:50","slug":"niger-un-programme-deducation-en-situation-durgence-a-tahoua","status":"publish","type":"post","link":"https:\/\/www.imedias.net\/niger-un-programme-deducation-en-situation-durgence-a-tahoua\/","title":{"rendered":"Niger : Un programme d\u2019\u00e9ducation en situation d\u2019urgence \u00e0 Tahoua"},"content":{"rendered":"<p style=\"text-align: justify;\">Au Niger, la r\u00e9gion de Tahoua (ouest), confront\u00e9e \u00e0 une crise \u00e9ducative li\u00e9e \u00e0 l\u2019ins\u00e9curit\u00e9, \u00e0 la pauvret\u00e9 et aux al\u00e9as climatiques, a lanc\u00e9 un programme visant \u00e0 renforcer la r\u00e9silience du syst\u00e8me \u00e9ducatif face aux crises. D\u2019une dur\u00e9e de neuf mois, ce programme est financ\u00e9 par le minist\u00e8re f\u00e9d\u00e9ral allemand de la Coop\u00e9ration \u00e9conomique et du D\u00e9veloppement (BMZ) et l\u2019UNICEF. Il est mis en \u0153uvre par la Fondation PetitPouss Niger, une organisation \u00e0 but non lucratif \u0153uvrant pour l\u2019am\u00e9lioration de l\u2019\u00e9ducation au Niger, notamment \u00e0 travers le num\u00e9rique.<\/p>\n<p style=\"text-align: justify;\">Le programme comprend un ensemble d\u2019interventions portant sur le WASH (eau, assainissement et hygi\u00e8ne) en milieu scolaire, l\u2019\u00e9ducation non formelle, la mobilisation communautaire autour de l\u2019\u00e9ducation, l\u2019enseignement par la radio et l\u2019apprentissage via une plateforme num\u00e9rique, entre autres, a indiqu\u00e9 la fondation. En 2025, pr\u00e8s de 15 000 \u00e9coles en Afrique de l\u2019Ouest et du Centre ont \u00e9t\u00e9 contraintes de fermer en raison de la violence et des conflits, affectant environ trois millions d\u2019enfants, selon un rapport publi\u00e9 le 9 septembre par l\u2019UNICEF et le Conseil norv\u00e9gien pour les r\u00e9fugi\u00e9s (NRC), \u00e0 l\u2019occasion de la Journ\u00e9e internationale pour la protection de l\u2019\u00e9ducation contre les attaques.<\/p>\n<p><strong>dpa<\/strong><\/p>\n","protected":false},"excerpt":{"rendered":"<p>Au Niger, la r\u00e9gion de Tahoua (ouest), confront\u00e9e \u00e0 une crise \u00e9ducative li\u00e9e \u00e0 l\u2019ins\u00e9curit\u00e9, \u00e0 la pauvret\u00e9 et aux al\u00e9as climatiques, a lanc\u00e9 un programme visant \u00e0 renforcer la r\u00e9silience du syst\u00e8me \u00e9ducatif face aux crises. D\u2019une dur\u00e9e de neuf mois, ce programme est financ\u00e9 par le minist\u00e8re f\u00e9d\u00e9ral allemand de la Coop\u00e9ration \u00e9conomique [&hellip;]<\/p>\n","protected":false},"author":2,"featured_media":62055,"comment_status":"closed","ping_status":"closed","sticky":false,"template":"","format":"standard","meta":{"footnotes":""},"categories":[77,78,191],"tags":[22,30,91,668,4244],"tmauthors":[],"class_list":{"0":"post-62054","1":"post","2":"type-post","3":"status-publish","4":"format-standard","5":"has-post-thumbnail","7":"category-actualite","8":"category-afrique","9":"category-education","10":"tag-education","11":"tag-featured","12":"tag-niger","13":"tag-programme","14":"tag-tahoua"},"_links":{"self":[{"href":"https:\/\/www.imedias.net\/wp-json\/wp\/v2\/posts\/62054","targetHints":{"allow":["GET"]}}],"collection":[{"href":"https:\/\/www.imedias.net\/wp-json\/wp\/v2\/posts"}],"about":[{"href":"https:\/\/www.imedias.net\/wp-json\/wp\/v2\/types\/post"}],"author":[{"embeddable":true,"href":"https:\/\/www.imedias.net\/wp-json\/wp\/v2\/users\/2"}],"replies":[{"embeddable":true,"href":"https:\/\/www.imedias.net\/wp-json\/wp\/v2\/comments?post=62054"}],"version-history":[{"count":0,"href":"https:\/\/www.imedias.net\/wp-json\/wp\/v2\/posts\/62054\/revisions"}],"wp:featuredmedia":[{"embeddable":true,"href":"https:\/\/www.imedias.net\/wp-json\/wp\/v2\/media\/62055"}],"wp:attachment":[{"href":"https:\/\/www.imedias.net\/wp-json\/wp\/v2\/media?parent=62054"}],"wp:term":[{"taxonomy":"category","embeddable":true,"href":"https:\/\/www.imedias.net\/wp-json\/wp\/v2\/categories?post=62054"},{"taxonomy":"post_tag","embeddable":true,"href":"https:\/\/www.imedias.net\/wp-json\/wp\/v2\/tags?post=62054"},{"taxonomy":"tmauthors","embeddable":true,"href":"https:\/\/www.imedias.net\/wp-json\/wp\/v2\/tmauthors?post=62054"}],"curies":[{"name":"wp","href":"https:\/\/api.w.org\/{rel}","templated":true}]}}